{"id":1013,"date":"2014-03-02T01:18:53","date_gmt":"2014-03-02T00:18:53","guid":{"rendered":"http:\/\/www.ataksja.org.pl\/?p=1013"},"modified":"2014-06-12T12:19:58","modified_gmt":"2014-06-12T10:19:58","slug":"tydzien-chorob-rzadkich-organizowany-w-genesis-polska","status":"publish","type":"post","link":"https:\/\/ataksja.org.pl\/?p=1013","title":{"rendered":"Tydzie\u0144 Chor\u00f3b Rzadkich organizowany w GENESIS POLSKA"},"content":{"rendered":"<p>&nbsp;<\/p>\n<h1><a href=\"http:\/\/www.genesis.pl\/aktualnosci\/pokaz\/1124\">TYdzie\u0144 Chor\u00f3b Rzadkich<\/a><\/h1>\n<p>&nbsp;<\/p>\n<p><img decoding=\"async\" src=\"http:\/\/www.genesis.pl\/img\/imagecache\/c3355fcacb9a3761624271850a8a4a97.jpeg\" alt=\"\" \/><\/p>\n<p>Ju\u017c <strong>po raz czwarty<\/strong>, obchodzimy w Polsce<strong>\u00a0Dzie\u0144 Chor\u00f3b Rzadkich<\/strong>. Jest to bardzo cenna inicjatywa, <strong>u\u015bwiadamiaj\u0105ca istnienie szczeg\u00f3lnie rzadkich chor\u00f3b w\u00a0spo\u0142ecze\u0144stwie<\/strong>.<\/p>\n<p>Choroby rzadkie wyst\u0119puj\u0105 z cz\u0119sto\u015bci\u0105 mniejsz\u0105 ni\u017c jeden przypadek na dwa tysi\u0105ce urodzonych dzieci, choroby ultra rzadkie \u2013 mniejsz\u0105 ni\u017c raz na 50 tysi\u0119cy urodze\u0144. Ta\u00a0niewielka skala powoduje , \u017ce w wielu przypadkach trudno je prawid\u0142owo rozpozna\u0107.<\/p>\n<p>GENESIS Polska \u2013 podmiot dedykowany m.in. diagnostyce genetycznych chor\u00f3b rzadkich w Polsce \u2013 chce wspomaga\u0107 dzia\u0142ania zmierzaj\u0105ce do upowszechniania wiedzy o\u00a0diagnozowaniu rzadkich chor\u00f3b genetycznych w naszym kraju.<\/p>\n<p>Aby stworzy\u0107 mo\u017cliwo\u015b\u0107 szerszego dost\u0119pu do ich diagnostyki, <strong>GENESIS Polska<\/strong> <strong>organizuje TYdzie\u0144 Chor\u00f3b Rzadkich, <\/strong>kt\u00f3ry b\u0119dzie trwa\u0142 <strong>od 28. lutego do 7. marca br<\/strong>.<\/p>\n<p><strong>Codziennie, w tym okresie, w godz. 16:00 \u2013 18:00 czynna b\u0119dzie specjalnie dla Pa\u0144stwa dedykowana <span style=\"color: #ff0000;\">INFOLINIA GENESIS +48 601\u00a0883\u00a0445 z naszymi ekspertami z\u00a0dziedziny chor\u00f3b rzadkich.<\/span><\/strong><\/p>\n<p><strong>Konsultacje dla Pa\u0144stwa b\u0119d\u0105 udzielane nieodp\u0142atnie.<\/strong> Koszt po\u0142\u0105czenia jest standardowym kosztem w zale\u017cno\u015bci od danego operatora.<\/p>\n<p>Mamy nadziej\u0119, \u017ce nasze konsultacje oka\u017c\u0105 si\u0119 wsparciem nie tylko dla samych Pacjent\u00f3w ale i os\u00f3b b\u0119d\u0105cych dla nich najwi\u0119kszym oparciem \u2013 ich Bliskich. Mamy r\u00f3wnie\u017c nadziej\u0119, \u017ce b\u0119d\u0105 wsparciem tak\u017ce dla Lekarzy.<\/p>\n<p>&nbsp;<\/p>\n<p>\u0141\u0105czymy wyrazy szacunku,<\/p>\n<p><a href=\"http:\/\/www.genesis.pl\/aktualnosci\/pokaz\/1124\"><em>Zesp\u00f3\u0142 Centrum Genetyki Medycznej GENESIS<\/em><\/a><\/p>\n<p>Informacja w formacie PDF: <strong><a href=\"http:\/\/www.ataksja.org.pl\/wp-content\/uploads\/2014\/03\/TYdzie\u0144-Chor\u00f3b-Rzadkich.pdf\">Tydzie\u0144 Chor\u00f3b Rzadkich organizowany w GENESIS POLSKA &#8211; PDF<\/a><\/strong><\/p>\n","protected":false},"excerpt":{"rendered":"<p>&nbsp; TYdzie\u0144 Chor\u00f3b Rzadkich &nbsp; Ju\u017c po raz czwarty, obchodzimy w Polsce\u00a0Dzie\u0144 Chor\u00f3b Rzadkich. Jest to bardzo cenna inicjatywa, u\u015bwiadamiaj\u0105ca istnienie szczeg\u00f3lnie rzadkich chor\u00f3b w\u00a0spo\u0142ecze\u0144stwie. Choroby rzadkie wyst\u0119puj\u0105 z cz\u0119sto\u015bci\u0105 mniejsz\u0105 ni\u017c jeden przypadek na dwa tysi\u0105ce urodzonych dzieci, choroby ultra rzadkie \u2013 mniejsz\u0105 ni\u017c raz na 50 tysi\u0119cy urodze\u0144. Ta\u00a0niewielka skala powoduje , \u017ce [&hellip;]<\/p>\n","protected":false},"author":6,"featured_media":0,"comment_status":"open","ping_status":"open","sticky":false,"template":"","format":"standard","meta":{"footnotes":""},"categories":[5,33,40,42],"tags":[],"class_list":["post-1013","post","type-post","status-publish","format-standard","hentry","category-ataksja","category-informacje","category-relacje-i-ciekawe-artykuly","category-wydarzenia"],"_links":{"self":[{"href":"https:\/\/ataksja.org.pl\/index.php?rest_route=\/wp\/v2\/posts\/1013","targetHints":{"allow":["GET"]}}],"collection":[{"href":"https:\/\/ataksja.org.pl\/index.php?rest_route=\/wp\/v2\/posts"}],"about":[{"href":"https:\/\/ataksja.org.pl\/index.php?rest_route=\/wp\/v2\/types\/post"}],"author":[{"embeddable":true,"href":"https:\/\/ataksja.org.pl\/index.php?rest_route=\/wp\/v2\/users\/6"}],"replies":[{"embeddable":true,"href":"https:\/\/ataksja.org.pl\/index.php?rest_route=%2Fwp%2Fv2%2Fcomments&post=1013"}],"version-history":[{"count":3,"href":"https:\/\/ataksja.org.pl\/index.php?rest_route=\/wp\/v2\/posts\/1013\/revisions"}],"predecessor-version":[{"id":1184,"href":"https:\/\/ataksja.org.pl\/index.php?rest_route=\/wp\/v2\/posts\/1013\/revisions\/1184"}],"wp:attachment":[{"href":"https:\/\/ataksja.org.pl\/index.php?rest_route=%2Fwp%2Fv2%2Fmedia&parent=1013"}],"wp:term":[{"taxonomy":"category","embeddable":true,"href":"https:\/\/ataksja.org.pl\/index.php?rest_route=%2Fwp%2Fv2%2Fcategories&post=1013"},{"taxonomy":"post_tag","embeddable":true,"href":"https:\/\/ataksja.org.pl\/index.php?rest_route=%2Fwp%2Fv2%2Ftags&post=1013"}],"curies":[{"name":"wp","href":"https:\/\/api.w.org\/{rel}","templated":true}]}}