{"id":2183,"date":"2019-04-23T21:27:05","date_gmt":"2019-04-23T19:27:05","guid":{"rendered":"http:\/\/www.ataksja.org.pl\/?p=2183"},"modified":"2019-04-23T21:46:09","modified_gmt":"2019-04-23T19:46:09","slug":"walne-zebranie-czlonkow-stowarzyszenia-2019","status":"publish","type":"post","link":"http:\/\/ataksja.org.pl\/?p=2183","title":{"rendered":"WALNE ZEBRANIE CZ\u0141ONK\u00d3W STOWARZYSZENIA 2019"},"content":{"rendered":"<p style=\"text-align: center;\">W dniu 25 maja 2019 jak co roku odb\u0119dzie si\u0119 Walne Zebranie Cz\u0142onk\u00f3w Stowarzyszenia.<\/p>\n<p style=\"text-align: center;\">Jak zwykle odb\u0119dzie si\u0119 Instytucie Psychiatrii i Neurologii w Warszawie przy ul. Sobieskiego 9 w sali konferencyjnej na pierwszym pi\u0119trze &#8211; rozpoczynamy o godzinie 9.00<\/p>\n<p style=\"text-align: center;\">W tym roku przypada 15 rocznica powstania Naszego Stowarzyszenia dlatego serdecznie zapraszamy wszystkich cz\u0142onk\u00f3w jak r\u00f3wnie\u017c osoby zainteresowane Stowarzyszeniem i nasz\u0105 chorob\u0105.<\/p>\n<p>&nbsp;<\/p>\n<p style=\"text-align: right;\">Serdecznie zapraszamy<\/p>\n<p style=\"text-align: right;\">Zarz\u0105d Stowarzyszenia<\/p>\n","protected":false},"excerpt":{"rendered":"<p>W dniu 25 maja 2019 jak co roku odb\u0119dzie si\u0119 Walne Zebranie Cz\u0142onk\u00f3w Stowarzyszenia. Jak zwykle odb\u0119dzie si\u0119 Instytucie Psychiatrii i Neurologii w Warszawie przy ul. Sobieskiego 9 w sali konferencyjnej na pierwszym pi\u0119trze &#8211; rozpoczynamy o godzinie 9.00 W tym roku przypada 15 rocznica powstania Naszego Stowarzyszenia dlatego serdecznie zapraszamy wszystkich cz\u0142onk\u00f3w jak r\u00f3wnie\u017c [&hellip;]<\/p>\n","protected":false},"author":6,"featured_media":0,"comment_status":"open","ping_status":"open","sticky":true,"template":"","format":"standard","meta":{"footnotes":""},"categories":[1],"tags":[],"class_list":["post-2183","post","type-post","status-publish","format-standard","hentry","category-ogolna"],"_links":{"self":[{"href":"http:\/\/ataksja.org.pl\/index.php?rest_route=\/wp\/v2\/posts\/2183","targetHints":{"allow":["GET"]}}],"collection":[{"href":"http:\/\/ataksja.org.pl\/index.php?rest_route=\/wp\/v2\/posts"}],"about":[{"href":"http:\/\/ataksja.org.pl\/index.php?rest_route=\/wp\/v2\/types\/post"}],"author":[{"embeddable":true,"href":"http:\/\/ataksja.org.pl\/index.php?rest_route=\/wp\/v2\/users\/6"}],"replies":[{"embeddable":true,"href":"http:\/\/ataksja.org.pl\/index.php?rest_route=%2Fwp%2Fv2%2Fcomments&post=2183"}],"version-history":[{"count":1,"href":"http:\/\/ataksja.org.pl\/index.php?rest_route=\/wp\/v2\/posts\/2183\/revisions"}],"predecessor-version":[{"id":2184,"href":"http:\/\/ataksja.org.pl\/index.php?rest_route=\/wp\/v2\/posts\/2183\/revisions\/2184"}],"wp:attachment":[{"href":"http:\/\/ataksja.org.pl\/index.php?rest_route=%2Fwp%2Fv2%2Fmedia&parent=2183"}],"wp:term":[{"taxonomy":"category","embeddable":true,"href":"http:\/\/ataksja.org.pl\/index.php?rest_route=%2Fwp%2Fv2%2Fcategories&post=2183"},{"taxonomy":"post_tag","embeddable":true,"href":"http:\/\/ataksja.org.pl\/index.php?rest_route=%2Fwp%2Fv2%2Ftags&post=2183"}],"curies":[{"name":"wp","href":"https:\/\/api.w.org\/{rel}","templated":true}]}}