{"id":2108,"date":"2018-05-20T09:23:41","date_gmt":"2018-05-20T07:23:41","guid":{"rendered":"http:\/\/www.ataksja.org.pl\/?p=2108"},"modified":"2018-05-20T09:24:48","modified_gmt":"2018-05-20T07:24:48","slug":"informacja-dotyczaca-walnego-zebrania-czlonkow-stowarzyszenia","status":"publish","type":"post","link":"http:\/\/ataksja.org.pl\/?p=2108","title":{"rendered":"INFORMACJA DOTYCZ\u0104CA WALNEGO ZEBRANIA CZ\u0141ONK\u00d3W STOWARZYSZENIA"},"content":{"rendered":"<p>.<\/p>\n<p style=\"text-align: center;\"><strong>INFORMACJA DOTYCZ\u0104CA WALNEGO ZEBRANIA CZ\u0141ONK\u00d3W STOWARZYSZENIA KT\u00d3RE ODBY\u0141O SI\u0118 19.05.2018<\/strong><\/p>\n<p>Jak co roku w dniu 19 maja 2018 odby\u0142o si\u0119 Walne Zebranie cz\u0142onk\u00f3w Stowarzyszenia na kt\u00f3rym poruszano tematy spraw bie\u017c\u0105cych dotycz\u0105cych Stowarzyszenia jak i dzia\u0142a\u0144 na najbli\u017cszy rok ale r\u00f3wnie\u017c przedstawione zosta\u0142y dzia\u0142ania jakie wykonane by\u0142y w zesz\u0142ym roku kalendarzowym.<\/p>\n<p>W roku 2017 zorganizowali\u015bmy dwa turnusy rehabilitacyjne kt\u00f3re cz\u0119\u015bciowo refundowano cz\u0142onkom naszego Stowarzyszenia.<br \/>\nDzi\u0119ki \u015brodkom zebranym z 1% w turnusach uczestniczy\u0142y 43 osoby.<\/p>\n<p>W obecnym roku r\u00f3wnie\u017c odby\u0142 si\u0119 ju\u017c jeden turnus rehabilitacyjny w miesi\u0105cu lutym w kt\u00f3rym rehabilitowa\u0142o si\u0119 20 os\u00f3b.<br \/>\nWe wrze\u015bniu odb\u0119dzie si\u0119 kolejny taki turnus w Aleksandrowie Kujawskim a w marcu 2019 zaplanowany zosta\u0142 turnus w Sarbinowie.<\/p>\n<p>Mieli\u015bmy r\u00f3wnie\u017c jak zawsze pos\u0142ucha\u0107 co nowego dzieje si\u0119 w sprawie bada\u0144 prowadzonych na ca\u0142ym \u015bwiecie jak i w Polsce, wiedz\u0105 t\u0105 podzieli\u0142a si\u0119 z nami Dr Maria Rakowicz natomiast w zakresie bada\u0144 genetycznych swoj\u0105 wiedz\u0105 podzieli\u0142a si\u0119 Dr Anna Su\u0142ek.<\/p>\n<p>Poznali\u015bmy r\u00f3wnie\u017c psychiatr\u0119 dr Ann\u0119 Poleszczyk pracuj\u0105c\u0105 w IPiN w Warszawie kt\u00f3ra zadeklarowa\u0142a pomoc osobom z Ataksj\u0105 jak i ich rodzinom je\u017celi taka b\u0119dzie potrzebna.<\/p>\n<p>Kontakt z dr Ann\u0105 Poleszczyk mo\u017cna znale\u017a\u0107 na naszym forum.<\/p>\n<p>Serdecznie dzi\u0119kujemy Wszystkim Paniom za zainteresowanie naszym Stowarzyszeniem, chorob\u0105 i za pomoc na jak\u0105 mo\u017cemy liczy\u0107.<\/p>\n<p>R\u00f3wnie\u017c dzi\u0119kujemy Instytutowi Psychiatrii i Neurologii w Warszawie za udost\u0119pnienie Sali Konferencyjnej w kt\u00f3rej mogli\u015bmy zorganizowa\u0107 Walne Zebranie.<\/p>\n<p>&nbsp;<\/p>\n<p>W imieniu Stowarzyszenia<br \/>\nMarcin \u0141\u0105giewka<\/p>\n<p>.<\/p>\n","protected":false},"excerpt":{"rendered":"<p>. INFORMACJA DOTYCZ\u0104CA WALNEGO ZEBRANIA CZ\u0141ONK\u00d3W STOWARZYSZENIA KT\u00d3RE ODBY\u0141O SI\u0118 19.05.2018 Jak co roku w dniu 19 maja 2018 odby\u0142o si\u0119 Walne Zebranie cz\u0142onk\u00f3w Stowarzyszenia na kt\u00f3rym poruszano tematy spraw bie\u017c\u0105cych dotycz\u0105cych Stowarzyszenia jak i dzia\u0142a\u0144 na najbli\u017cszy rok ale r\u00f3wnie\u017c przedstawione zosta\u0142y dzia\u0142ania jakie wykonane by\u0142y w zesz\u0142ym roku kalendarzowym. W roku 2017 zorganizowali\u015bmy [&hellip;]<\/p>\n","protected":false},"author":6,"featured_media":0,"comment_status":"open","ping_status":"open","sticky":true,"template":"","format":"standard","meta":{"footnotes":""},"categories":[7,33,11],"tags":[],"class_list":["post-2108","post","type-post","status-publish","format-standard","hentry","category-dzialalnosc","category-informacje","category-spotkania"],"_links":{"self":[{"href":"http:\/\/ataksja.org.pl\/index.php?rest_route=\/wp\/v2\/posts\/2108","targetHints":{"allow":["GET"]}}],"collection":[{"href":"http:\/\/ataksja.org.pl\/index.php?rest_route=\/wp\/v2\/posts"}],"about":[{"href":"http:\/\/ataksja.org.pl\/index.php?rest_route=\/wp\/v2\/types\/post"}],"author":[{"embeddable":true,"href":"http:\/\/ataksja.org.pl\/index.php?rest_route=\/wp\/v2\/users\/6"}],"replies":[{"embeddable":true,"href":"http:\/\/ataksja.org.pl\/index.php?rest_route=%2Fwp%2Fv2%2Fcomments&post=2108"}],"version-history":[{"count":2,"href":"http:\/\/ataksja.org.pl\/index.php?rest_route=\/wp\/v2\/posts\/2108\/revisions"}],"predecessor-version":[{"id":2110,"href":"http:\/\/ataksja.org.pl\/index.php?rest_route=\/wp\/v2\/posts\/2108\/revisions\/2110"}],"wp:attachment":[{"href":"http:\/\/ataksja.org.pl\/index.php?rest_route=%2Fwp%2Fv2%2Fmedia&parent=2108"}],"wp:term":[{"taxonomy":"category","embeddable":true,"href":"http:\/\/ataksja.org.pl\/index.php?rest_route=%2Fwp%2Fv2%2Fcategories&post=2108"},{"taxonomy":"post_tag","embeddable":true,"href":"http:\/\/ataksja.org.pl\/index.php?rest_route=%2Fwp%2Fv2%2Ftags&post=2108"}],"curies":[{"name":"wp","href":"https:\/\/api.w.org\/{rel}","templated":true}]}}