{"id":2070,"date":"2017-05-21T10:07:50","date_gmt":"2017-05-21T08:07:50","guid":{"rendered":"http:\/\/www.ataksja.org.pl\/?p=2070"},"modified":"2017-05-21T12:04:28","modified_gmt":"2017-05-21T10:04:28","slug":"program-walnego-zebrania-czlonkow-stowarzyszenia-27-05-2017-r","status":"publish","type":"post","link":"http:\/\/ataksja.org.pl\/?p=2070","title":{"rendered":"(Aktualizacja) Program Walnego Zebrania Cz\u0142onk\u00f3w Stowarzyszenia 27.05.2017 r."},"content":{"rendered":"<p style=\"text-align: center;\">&#8230;&#8230;&#8230;&#8230;<\/p>\n<p style=\"text-align: center;\"><strong>\u00a0<\/strong><\/p>\n<p style=\"text-align: center;\"><strong>PROGRAM WALNEGO ZEBRANIA CZ\u0141ONK\u00d3W STOWARZYSZENIA RODZIN Z ATAKSJ\u0104 RDZENIOWO-M\u00d3\u017bD\u017bKOW\u0104 27.05.2017 <\/strong><\/p>\n<p style=\"text-align: center;\"><strong>Instytut Psychiatrii i Neurologii w Warszawie, <\/strong><strong>Sobieskiego 9, <\/strong><\/p>\n<p style=\"text-align: center;\"><strong>du\u017ca sala konferencyjna I pi\u0119tro<\/strong><\/p>\n<p style=\"text-align: center;\"><strong>\u00a0&#8230;&#8230;..<\/strong><\/p>\n<p><strong>\u00a0<\/strong><\/p>\n<ul>\n<li>9,00 &#8211;\u00a0 Otwarcie Walnego Zebrania Stowarzyszenia<\/li>\n<li>\u00a09.10 &#8211; Odczytanie programu Walnego Zebrania cz\u0142onk\u00f3w Stowarzyszenia<\/li>\n<li>9.50 &#8211; Wyst\u0105pienie Marii Rakowicz, (Instytut Psychiatrii i Neurologii) i Mateusza Kruszy\u0144skiego (Titanis Sp.z o.o.) &#8211; Analiza test\u00f3w klinicznych i systematyczno\u015bci \u0107wicze\u0144&#8221;<br \/>\nkomputerowej rehabilitacji TeleNeuroforma u pacjent\u00f3w z ataksj\u0105 rdzeniowo-m\u00f3\u017cd\u017ckow\u0105.<\/li>\n<li>\u00a010.00 &#8211; Pytania dotycz\u0105ce analiz<\/li>\n<li>10.20 &#8211; Dr Maria Rakowicz- Pr\u00f3by lekowe w SCA &#8211; nadzieja, czy mrzonki?<\/li>\n<li>10.30 &#8211; Pytania dotycz\u0105ce pr\u00f3b lekowych<\/li>\n<li>10.40 &#8211; Wyb\u00f3r Prezydium Walnego Zebrania<\/li>\n<li>10.45 &#8211; G\u0142osowanie nad wyborem Prezydium Walnego Zebrania<\/li>\n<li>10.50 &#8211; Wniosek Prezesa aby Prezydium pe\u0142ni\u0142o r\u00f3wnie\u017c funkcj\u0119 Komisji Uchwa\u0142 i Wniosk\u00f3w<\/li>\n<li>10.55 &#8211; G\u0142osowanie nad wnioskiem dotycz\u0105cym Komisji Uchwa\u0142 i Wniosk\u00f3w<\/li>\n<li>11.10 &#8211; Wyb\u00f3r Komisji Mandatowo-Skrutacyjnej<\/li>\n<li>11.15 &#8211; G\u0142osowanie nad wyborem Komisji Mandatowo-Skrutacyjnej<\/li>\n<li>11.25 &#8211; Przeliczenie cz\u0142onk\u00f3w obecnych na Walnym Zebraniu przez Komisje Mandatowo-Skrutacyjn\u0105<\/li>\n<li>11.40 &#8211; Sprawozdanie finansowe Komisji Rewizyjnej za rok 2016<\/li>\n<li>11.50 &#8211; Sprawozdanie Zarz\u0105du za rok 2016<\/li>\n<li>11.55 &#8211; Og\u0142oszenie Komisji Mandatowo-Skrutacyjnej ilo\u015bci cz\u0142onk\u00f3w obecnych na Walnym Zebraniu<\/li>\n<li>12.10 &#8211; Przygotowanie przez Prezydium projekt\u00f3w uchwa\u0142 dotycz\u0105cych przyj\u0119cia sprawozda\u0144 oraz zmian w statucie Stowarzyszenia<\/li>\n<li>12.40 &#8211; Przerwa na posi\u0142ek<\/li>\n<li>13.00 &#8211; Wyst\u0105pienie Dr Anna Su\u0142ek (Instytut Psychiatrii i Neurologii) na temat \u00a0Bada\u0144 genetycznych u pacjent\u00f3w z ataksjami rdzeniowo-m\u00f3\u017cd\u017ckowymi (SCA).<\/li>\n<li>13.15 &#8211; Pytania dotycz\u0105ce bada\u0144.<\/li>\n<li>13.30 &#8211; Odczytanie projektu uchwa\u0142 dotycz\u0105cych sprawozda\u0144 oraz zmian w statucie Stowarzyszenia.<\/li>\n<li>13,50 &#8211; Om\u00f3wienie zmian zawartych w uchwa\u0142ach.<\/li>\n<li>14.00 &#8211; Wyb\u00f3r kandydata\/\u00f3w na stanowisko Wiceprezesa Zarz\u0105du Stowarzyszenia.<\/li>\n<li>14.10 &#8211; Prezentacja zg\u0142oszonych kandydat\u00f3w.<\/li>\n<li>&#8211; G\u0142osowanie nad kandydaturami i og\u0142oszenie wynik\u00f3w przez Komisj\u0119 Mandatowo-Skrutacyjn\u0105.<\/li>\n<li>14.25 &#8211; Wolne wnioski<\/li>\n<li>14.30 &#8211; Wniosek Prezydium o przyj\u0119cie wszystkich uchwa\u0142 w jednym g\u0142osowaniu.<\/li>\n<li>14.35 &#8211; G\u0142osowanie nad przyj\u0119ciem wniosku.<\/li>\n<li>14.40 &#8211; G\u0142osowanie nad przyj\u0119ciem uchwa\u0142.<\/li>\n<li>15.00 &#8211; Przedstawienie mo\u017cliwo\u015bci turnus\u00f3w rehabilitacyjnych w roku 2017<\/li>\n<li>15.30 &#8211; Pytania dotycz\u0105ce turnus\u00f3w.<\/li>\n<li>16.30 &#8211; Przyjmowanie zapis\u00f3w na turnusy.<\/li>\n<li>\u00a0Zako\u0144czenie Walnego Zebrania cz\u0142onk\u00f3w Stowarzyszenia Rodzin z Ataksj\u0105 Rdzeniowo-M\u00f3\u017cd\u017ckow\u0105<\/li>\n<\/ul>\n<p style=\"text-align: center;\">&#8230;&#8230;&#8230;<\/p>\n<p style=\"text-align: center;\"><strong>W przypadku nie uzyskania kworum o godzinie 9.00 Zarz\u0105d Stowarzyszenia mo\u017ce przesun\u0105\u0107 termin rozpocz\u0119cia Walnego Zebrania o 30 minut<\/strong><\/p>\n<p style=\"text-align: center;\">&#8230;..<\/p>\n<p>.<\/p>\n","protected":false},"excerpt":{"rendered":"<p>&#8230;&#8230;&#8230;&#8230; \u00a0 PROGRAM WALNEGO ZEBRANIA CZ\u0141ONK\u00d3W STOWARZYSZENIA RODZIN Z ATAKSJ\u0104 RDZENIOWO-M\u00d3\u017bD\u017bKOW\u0104 27.05.2017 Instytut Psychiatrii i Neurologii w Warszawie, Sobieskiego 9, du\u017ca sala konferencyjna I pi\u0119tro \u00a0&#8230;&#8230;.. \u00a0 9,00 &#8211;\u00a0 Otwarcie Walnego Zebrania Stowarzyszenia \u00a09.10 &#8211; Odczytanie programu Walnego Zebrania cz\u0142onk\u00f3w Stowarzyszenia 9.50 &#8211; Wyst\u0105pienie Marii Rakowicz, (Instytut Psychiatrii i Neurologii) i Mateusza Kruszy\u0144skiego (Titanis Sp.z [&hellip;]<\/p>\n","protected":false},"author":6,"featured_media":0,"comment_status":"open","ping_status":"open","sticky":true,"template":"","format":"standard","meta":{"footnotes":""},"categories":[33,1,11,6,42],"tags":[],"class_list":["post-2070","post","type-post","status-publish","format-standard","hentry","category-informacje","category-ogolna","category-spotkania","category-stowarzyszenie","category-wydarzenia"],"_links":{"self":[{"href":"http:\/\/ataksja.org.pl\/index.php?rest_route=\/wp\/v2\/posts\/2070","targetHints":{"allow":["GET"]}}],"collection":[{"href":"http:\/\/ataksja.org.pl\/index.php?rest_route=\/wp\/v2\/posts"}],"about":[{"href":"http:\/\/ataksja.org.pl\/index.php?rest_route=\/wp\/v2\/types\/post"}],"author":[{"embeddable":true,"href":"http:\/\/ataksja.org.pl\/index.php?rest_route=\/wp\/v2\/users\/6"}],"replies":[{"embeddable":true,"href":"http:\/\/ataksja.org.pl\/index.php?rest_route=%2Fwp%2Fv2%2Fcomments&post=2070"}],"version-history":[{"count":7,"href":"http:\/\/ataksja.org.pl\/index.php?rest_route=\/wp\/v2\/posts\/2070\/revisions"}],"predecessor-version":[{"id":2079,"href":"http:\/\/ataksja.org.pl\/index.php?rest_route=\/wp\/v2\/posts\/2070\/revisions\/2079"}],"wp:attachment":[{"href":"http:\/\/ataksja.org.pl\/index.php?rest_route=%2Fwp%2Fv2%2Fmedia&parent=2070"}],"wp:term":[{"taxonomy":"category","embeddable":true,"href":"http:\/\/ataksja.org.pl\/index.php?rest_route=%2Fwp%2Fv2%2Fcategories&post=2070"},{"taxonomy":"post_tag","embeddable":true,"href":"http:\/\/ataksja.org.pl\/index.php?rest_route=%2Fwp%2Fv2%2Ftags&post=2070"}],"curies":[{"name":"wp","href":"https:\/\/api.w.org\/{rel}","templated":true}]}}